{"id":894,"date":"2026-08-31T11:56:10","date_gmt":"2026-08-31T11:56:10","guid":{"rendered":"https:\/\/treffpunkt-eynatten.be\/?p=894"},"modified":"2026-09-02T08:05:24","modified_gmt":"2026-09-02T08:05:24","slug":"vorpremiere-erinnerungen-der-waelder","status":"publish","type":"post","link":"https:\/\/treffpunkt-eynatten.be\/?p=894","title":{"rendered":"Vorpremiere Erinnerungen der W\u00e4lder"},"content":{"rendered":"\n<p class=\"has-black-color has-text-color has-link-color has-medium-font-size wp-elements-1 wp-block-paragraph\">Tanz, Musik und Naturerz\u00e4hlung verschmelzen am Samstag, <strong>19. September 2026<\/strong>, &nbsp;zu einer poetischen Reise: Mit \u201eErinnerungen der W\u00e4lder\u201c feiert ein interdisziplin\u00e4res und partizipatives Performance-Projekt seine Vorpremiere. Unter der choreografischen Leitung von Julie Hahn und mit Kompositionen und Musik von Sonja Mischor entstand gemeinsam mit der Baejjahn Dance Company und Teilnehmenden aus Ostbelgien eine Performance \u00fcber Verbindung, Verlust und die Weisheit der W\u00e4lder. Tanz, Kost\u00fcme, B\u00fchne und Musik greifen dabei ineinander und machen Natur und Erinnerung auf besondere Weise erlebbar. Einlass ist um<strong> 18.30 Uhr, Beginn um 19 Uhr.<\/strong> Der Eintritt ist frei, um eine Hutspende wird gebeten. Ein Abend f\u00fcr alle, die sich auf eine ungew\u00f6hnliche Begegnung zwischen Mensch, Kunst und Natur einlassen m\u00f6chten.<\/p>\n\n\n\n<figure class=\"wp-block-image size-large is-resized\"><a href=\"https:\/\/treffpunkt-eynatten.be\/wp-content\/uploads\/2026\/08\/Erinnerung-der-Waelder-Workshops.jpg\"><img loading=\"lazy\" decoding=\"async\" width=\"724\" height=\"1024\" src=\"https:\/\/treffpunkt-eynatten.be\/wp-content\/uploads\/2026\/08\/Erinnerung-der-Waelder-Workshops-724x1024.jpg\" alt=\"\" class=\"wp-image-895\" style=\"aspect-ratio:0.7070376598263807;width:320px;height:auto\" srcset=\"https:\/\/treffpunkt-eynatten.be\/wp-content\/uploads\/2026\/08\/Erinnerung-der-Waelder-Workshops-724x1024.jpg 724w, https:\/\/treffpunkt-eynatten.be\/wp-content\/uploads\/2026\/08\/Erinnerung-der-Waelder-Workshops-212x300.jpg 212w, https:\/\/treffpunkt-eynatten.be\/wp-content\/uploads\/2026\/08\/Erinnerung-der-Waelder-Workshops-768x1086.jpg 768w, https:\/\/treffpunkt-eynatten.be\/wp-content\/uploads\/2026\/08\/Erinnerung-der-Waelder-Workshops-1086x1536.jpg 1086w, https:\/\/treffpunkt-eynatten.be\/wp-content\/uploads\/2026\/08\/Erinnerung-der-Waelder-Workshops.jpg 1414w\" sizes=\"auto, (max-width: 724px) 100vw, 724px\" \/><\/a><\/figure>\n\n\n\n<p class=\"wp-block-paragraph\"><\/p>\n","protected":false},"excerpt":{"rendered":"<p>Tanz, Musik und Naturerz\u00e4hlung verschmelzen am Samstag, 19. September 2026, &nbsp;zu einer poetischen Reise: Mit \u201eErinnerungen der W\u00e4lder\u201c feiert ein interdisziplin\u00e4res und partizipatives Performance-Projekt seine Vorpremiere. Unter der choreografischen Leitung &hellip; <\/p>\n","protected":false},"author":1,"featured_media":895,"comment_status":"closed","ping_status":"closed","sticky":false,"template":"","format":"standard","meta":{"footnotes":""},"categories":[5],"tags":[],"class_list":["post-894","post","type-post","status-publish","format-standard","has-post-thumbnail","hentry","category-news"],"_links":{"self":[{"href":"https:\/\/treffpunkt-eynatten.be\/index.php?rest_route=\/wp\/v2\/posts\/894","targetHints":{"allow":["GET"]}}],"collection":[{"href":"https:\/\/treffpunkt-eynatten.be\/index.php?rest_route=\/wp\/v2\/posts"}],"about":[{"href":"https:\/\/treffpunkt-eynatten.be\/index.php?rest_route=\/wp\/v2\/types\/post"}],"author":[{"embeddable":true,"href":"https:\/\/treffpunkt-eynatten.be\/index.php?rest_route=\/wp\/v2\/users\/1"}],"replies":[{"embeddable":true,"href":"https:\/\/treffpunkt-eynatten.be\/index.php?rest_route=%2Fwp%2Fv2%2Fcomments&post=894"}],"version-history":[{"count":3,"href":"https:\/\/treffpunkt-eynatten.be\/index.php?rest_route=\/wp\/v2\/posts\/894\/revisions"}],"predecessor-version":[{"id":900,"href":"https:\/\/treffpunkt-eynatten.be\/index.php?rest_route=\/wp\/v2\/posts\/894\/revisions\/900"}],"wp:featuredmedia":[{"embeddable":true,"href":"https:\/\/treffpunkt-eynatten.be\/index.php?rest_route=\/wp\/v2\/media\/895"}],"wp:attachment":[{"href":"https:\/\/treffpunkt-eynatten.be\/index.php?rest_route=%2Fwp%2Fv2%2Fmedia&parent=894"}],"wp:term":[{"taxonomy":"category","embeddable":true,"href":"https:\/\/treffpunkt-eynatten.be\/index.php?rest_route=%2Fwp%2Fv2%2Fcategories&post=894"},{"taxonomy":"post_tag","embeddable":true,"href":"https:\/\/treffpunkt-eynatten.be\/index.php?rest_route=%2Fwp%2Fv2%2Ftags&post=894"}],"curies":[{"name":"wp","href":"https:\/\/api.w.org\/{rel}","templated":true}]}}